{"id":5963,"date":"2017-05-19T12:48:14","date_gmt":"2017-05-19T10:48:14","guid":{"rendered":"http:\/\/gesudere.at\/blog\/?p=5963"},"modified":"2025-05-22T08:51:18","modified_gmt":"2025-05-22T06:51:18","slug":"wien-alsergrund-verwirrspiele-um-ladezone","status":"publish","type":"post","link":"http:\/\/gesudere.at\/blog\/?p=5963","title":{"rendered":"Wien-Alsergrund: Verwirrspiele um Ladezone"},"content":{"rendered":"<p><a href=\"http:\/\/gesudere.at\/blog\/wien-alsergrund-eine-ladezone-irritiert-anrainer\/\">Wie berichtet<\/a> sorgt eine Ladezone f\u00fcr ein Mini-Gesch\u00e4ft f\u00fcr Irritationen. Nun wurde die Posse prolongiert, indem man die G\u00fcltigkeit ein wenig verk\u00fcrzt hat.<\/p>\n<p><!--more--><\/p>\n<div id=\"attachment_5964\" style=\"width: 610px\" class=\"wp-caption alignleft\"><a href=\"http:\/\/gesudere.at\/blog\/wien-alsergrund-verwirrspiele-um-ladezone\/ladezone1\/\" rel=\"attachment wp-att-5964\"><img loading=\"lazy\" decoding=\"async\" aria-describedby=\"caption-attachment-5964\" class=\"size-full wp-image-5964\" src=\"http:\/\/gesudere.at\/blog\/wp-content\/uploads\/2017\/05\/Ladezone1.jpg\" alt=\"\"   srcset=\"http:\/\/gesudere.at\/blog\/wp-content\/uploads\/2017\/05\/Ladezone1.jpg 600w, http:\/\/gesudere.at\/blog\/wp-content\/uploads\/2017\/05\/Ladezone1-300x200.jpg 300w\" sizes=\"auto, (max-width: 600px) 100vw, 600px\" \/><\/a><p id=\"caption-attachment-5964\" class=\"wp-caption-text\">Statt um 09:00 Uhr beginnt die &#8222;neue&#8220; Ladezone um 10:00 und endet nun um 17:00, also eine Stunde fr\u00fcher. Das empfinden Anrainer als Beh\u00f6rdenplanzerei&#8230;<\/p><\/div>\n<p>Anrainer sch\u00e4umen, f\u00fchlen sich gepflanzt und vor allem von Beh\u00f6rden und Politikschaffenden im Stich gelassen. Denn das Schild der urspr\u00fcnglich genehmigten Ladezone mit einem Halteverbot von 09:00 bis 18:00 wurde nach telefonischen Beschwerden sehr schnell entfernt.<\/p>\n<p>F\u00fcr ein paar Tage. Denn nun wurde ein neues Schild mit reduzierter Ladezeit montiert. Nun gilt das Halteverbot \u201enur\u201c mehr an Werktagen von 10:00 bis 17:00 Uhr, an Samstagen ist nun um 15:00 Schluss.<\/p>\n<p>Gleichzeitig fallen in diesem Gr\u00e4tzel allerdings jede Menge an Parkpl\u00e4tzen weg, f\u00fcr die Anrainer immerhin zahlen m\u00fcssen. Denn einige Baustellen brauchen ebenso Platz wie die Schanig\u00e4rten. Dass f\u00fcr letztere die Dauer herabgesetzt wurde, ver\u00e4rgert wieder die Gastronomen, die seit diesem Jahr zwar mehr zahlen m\u00fcssen, allerdings knapp zwei Monate weniger ihre Schanig\u00e4rten betreiben d\u00fcrfen.<\/p>\n<p>All dies ist nun kr\u00e4ftige Nahrung f\u00fcr die Ger\u00fcchteb\u00f6rse. Man munkelt, dass Politiker nicht ganz uneigenn\u00fctzig interveniert haben, damit vor allem die Kunden des S\u00fc\u00dfwarengesch\u00e4ftes einen Parkplatz direkt vor dem Laden vorfinden, wenn sie hier einkaufen.<\/p>\n<p>Ebenso wird unterstellt, dass &#8211; aus welchen Gr\u00fcnden auch immer &#8211; der Bedarf nicht gepr\u00fcft wurde. Denn \u201erationale Gr\u00fcnde k\u00f6nnen es wohl nicht sein\u201c, wie einige Anrainer vermuten. Denn f\u00fcr diese lange Dauer der Haltezone, die wahrscheinlich fast immer unben\u00fctzt bleiben d\u00fcrfte, sind das S\u00fc\u00dfwarengesch\u00e4ft und der knapp 20 Quadratmeter-\u201eSupermarkt\u201c viel zu klein.<\/p>\n<p>Allerdings k\u00f6nnte dieses Halteverbot der Stadt in Zukunft erhebliche Einnahmen bringen. Denn Lastfahrzeuge liefern hier sehr selten Waren an. Denn die Kuchen und anderen S\u00fc\u00dfigkeiten kommen ganz simpel im Kofferraum eine PKW.<\/p>\n<p>Und der darf eigentlich, so das Hinweisschild, hier ohnehin nicht halten. Ebenso wie die Kunden, die hier kleine Schachteln mit Backwaren oder orientalischen K\u00f6stlichkeiten besorgen.<\/p>\n<div><div style=\"padding-top:10px;margin-bottom:10px;font-size:10pt;font-family:arial;font-weight:bold;\">Did you like this? Share it:<\/div><div class=simplesocial><a href=\"http:\/\/twitter.com\/share\" data-url=\"http:\/\/gesudere.at\/blog\/?p=5963\" data-text=\"Wien-Alsergrund%3A+Verwirrspiele+um+Ladezone\" class=\"twitter-share-button\" data-count=\"horizontal\">Tweet<\/a><script type=\"text\/javascript\" src=\"http:\/\/platform.twitter.com\/widgets.js\"><\/script><\/div><div class=simplesocial><iframe src=\"http:\/\/www.facebook.com\/plugins\/like.php?href=http%3A%2F%2Fgesudere.at%2Fblog%2F%3Fp%3D5963&layout=standard&show_faces=false&width=450&action=like&colorscheme=light&height=35\" scrolling=\"no\" frameborder=\"0\" style=\"border:none; overflow:hidden; width:450px; height:25px;\" allowTransparency=\"true\"><\/iframe><\/div><div style=\"clear:both\"><\/div><a class=simplesocial onclick=\"return simplesocial(this,500,400)\" title=\"Share on Facebook\" style=\"background:url(http:\/\/gesudere.at\/blog\/wp-content\/plugins\/simple-social-sharing-widgets-icons\/icons_32\/facebook.png)\" href=\"http:\/\/www.facebook.com\/share.php?u=http%3A%2F%2Fgesudere.at%2Fblog%2F%3Fp%3D5963&t=Wien-Alsergrund%3A+Verwirrspiele+um+Ladezone\"><\/a><a class=simplesocial onclick=\"return simplesocial(this,812,420)\" title=\"Share on Twitter\" style=\"background:url(http:\/\/gesudere.at\/blog\/wp-content\/plugins\/simple-social-sharing-widgets-icons\/icons_32\/twitter.png)\" href=\"http:\/\/twitter.com\/home?status=http%3A%2F%2Fgesudere.at%2Fblog%2F%3Fp%3D5963\"><\/a><a class=simplesocial onclick=\"return simplesocial(this,435,500)\" title=\"Email a Friend\" style=\"background:url(http:\/\/gesudere.at\/blog\/wp-content\/plugins\/simple-social-sharing-widgets-icons\/icons_32\/email.png)\" href=\"http:\/\/www.freetellafriend.com\/tell\/?heading=Share+This+Article&bg=1&option=email&url=http%3A%2F%2Fgesudere.at%2Fblog%2F%3Fp%3D5963\"><\/a><a class=simplesocial onclick=\"return simplesocial(this,750,500)\" title=\"Share on Blogger\" style=\"background:url(http:\/\/gesudere.at\/blog\/wp-content\/plugins\/simple-social-sharing-widgets-icons\/icons_32\/blogger.png)\" href=\"http:\/\/www.blogger.com\/blog_this.pyra?t&u=http%3A%2F%2Fgesudere.at%2Fblog%2F%3Fp%3D5963&n=Wien-Alsergrund%3A+Verwirrspiele+um+Ladezone&pli=1\"><\/a><a class=simplesocial onclick=\"return simplesocial(this,890,550)\" title=\"Share on Delicious\" style=\"background:url(http:\/\/gesudere.at\/blog\/wp-content\/plugins\/simple-social-sharing-widgets-icons\/icons_32\/delicious.png)\" href=\"http:\/\/del.icio.us\/post?url=http%3A%2F%2Fgesudere.at%2Fblog%2F%3Fp%3D5963&title=Wien-Alsergrund%3A+Verwirrspiele+um+Ladezone\"><\/a><a class=simplesocial onclick=\"return simplesocial(this,812,420)\" title=\"Share on Digg\" style=\"background:url(http:\/\/gesudere.at\/blog\/wp-content\/plugins\/simple-social-sharing-widgets-icons\/icons_32\/digg.png)\" href=\"http:\/\/digg.com\/submit?url=http%3A%2F%2Fgesudere.at%2Fblog%2F%3Fp%3D5963&title=Wien-Alsergrund%3A+Verwirrspiele+um+Ladezone\"><\/a><a class=simplesocial onclick=\"return simplesocial(this,750,500)\" title=\"Share on Google\" style=\"background:url(http:\/\/gesudere.at\/blog\/wp-content\/plugins\/simple-social-sharing-widgets-icons\/icons_32\/google.png)\" href=\"http:\/\/www.google.com\/bookmarks\/mark?op=add&bkmk=http%3A%2F%2Fgesudere.at%2Fblog%2F%3Fp%3D5963&title=Wien-Alsergrund%3A+Verwirrspiele+um+Ladezone\"><\/a><a class=simplesocial onclick=\"return simplesocial(this,812,420)\" title=\"Share on Myspace\" style=\"background:url(http:\/\/gesudere.at\/blog\/wp-content\/plugins\/simple-social-sharing-widgets-icons\/icons_32\/myspace.png)\" href=\"http:\/\/www.myspace.com\/Modules\/PostTo\/Pages\/?u=http%3A%2F%2Fgesudere.at%2Fblog%2F%3Fp%3D5963&t=Wien-Alsergrund%3A+Verwirrspiele+um+Ladezone&c=http%3A%2F%2Fgesudere.at%2Fblog%2F%3Fp%3D5963\"><\/a><a class=simplesocial onclick=\"return simplesocial(this,750,500)\" title=\"Share on StumbleUpon\" style=\"background:url(http:\/\/gesudere.at\/blog\/wp-content\/plugins\/simple-social-sharing-widgets-icons\/icons_32\/stumbleupon.png)\" href=\"http:\/\/www.stumbleupon.com\/submit?url=http%3A%2F%2Fgesudere.at%2Fblog%2F%3Fp%3D5963&title=Wien-Alsergrund%3A+Verwirrspiele+um+Ladezone\"><\/a><a class=simplesocial onclick=\"return simplesocial(this,900,550)\" title=\"Share on Yahoo\" style=\"background:url(http:\/\/gesudere.at\/blog\/wp-content\/plugins\/simple-social-sharing-widgets-icons\/icons_32\/yahoo.png)\" href=\"http:\/\/buzz.yahoo.com\/buzz?targetUrl=http%3A%2F%2Fgesudere.at%2Fblog%2F%3Fp%3D5963&headline=Wien-Alsergrund%3A+Verwirrspiele+um+Ladezone\"><\/a><a class=simplesocial onclick=\"return simplesocial(this,700,500)\" title=\"Share on Reddit\" style=\"background:url(http:\/\/gesudere.at\/blog\/wp-content\/plugins\/simple-social-sharing-widgets-icons\/icons_32\/reddit.png)\" href=\"http:\/\/reddit.com\/submit?url=http%3A%2F%2Fgesudere.at%2Fblog%2F%3Fp%3D5963&title=Wien-Alsergrund%3A+Verwirrspiele+um+Ladezone\"><\/a><a class=simplesocial onclick=\"return simplesocial(this,812,500)\" title=\"Share on Technorati\" style=\"background:url(http:\/\/gesudere.at\/blog\/wp-content\/plugins\/simple-social-sharing-widgets-icons\/icons_32\/technorati.png)\" href=\"http:\/\/technorati.com\/faves?sub=favthis&add=http%3A%2F%2Fgesudere.at%2Fblog%2F%3Fp%3D5963\"><\/a><a class=simplesocial title=\"RSS Feed\" style=\"background:url(http:\/\/gesudere.at\/blog\/wp-content\/plugins\/simple-social-sharing-widgets-icons\/icons_32\/rss.png)\" href=\"http:\/\/gesudere.at\/blog\/?feed=rss2\"><\/a><\/div><div style=\"clear:both;margin-bottom:20px\"><\/div>","protected":false},"excerpt":{"rendered":"<p>Wie berichtet sorgt eine Ladezone f\u00fcr ein Mini-Gesch\u00e4ft f\u00fcr Irritationen. Nun wurde die Posse prolongiert, indem man die G\u00fcltigkeit ein wenig verk\u00fcrzt hat. <a href=\"http:\/\/gesudere.at\/blog\/?p=5963\">Weiterlesen <span class=\"meta-nav\">&rarr;<\/span><\/a><\/p>\n","protected":false},"author":827,"featured_media":5964,"comment_status":"open","ping_status":"open","sticky":false,"template":"","format":"standard","meta":{"footnotes":""},"categories":[4,3,42,77,6],"tags":[866,867,43,864,10,37],"class_list":["post-5963","post","type-post","status-publish","format-standard","has-post-thumbnail","hentry","category-allgemeines","category-argerliches","category-gastronomie","category-politisches","category-ratselhaftes","tag-alserbachstrasse","tag-altersgrund","tag-gesetz","tag-ladezone","tag-verkehr","tag-zwangsbegluckung"],"psp_head":"<title>Wien-Alsergrund: Verwirrspiele um Ladezone  Das ?bliche Gesudere<\/title>\r\n<meta name=\"description\" content=\"Wie berichtet sorgt eine Ladezone f\u00fcr ein Mini-Gesch\u00e4ft f\u00fcr Irritationen. Nun wurde die Posse prolongiert, indem man die G\u00fcltigkeit ein wenig verk\u00fcrzt hat. (...)\" \/>\r\n<meta name=\"robots\" content=\"index,follow\" \/>","_links":{"self":[{"href":"http:\/\/gesudere.at\/blog\/index.php?rest_route=\/wp\/v2\/posts\/5963","targetHints":{"allow":["GET"]}}],"collection":[{"href":"http:\/\/gesudere.at\/blog\/index.php?rest_route=\/wp\/v2\/posts"}],"about":[{"href":"http:\/\/gesudere.at\/blog\/index.php?rest_route=\/wp\/v2\/types\/post"}],"author":[{"embeddable":true,"href":"http:\/\/gesudere.at\/blog\/index.php?rest_route=\/wp\/v2\/users\/827"}],"replies":[{"embeddable":true,"href":"http:\/\/gesudere.at\/blog\/index.php?rest_route=%2Fwp%2Fv2%2Fcomments&post=5963"}],"version-history":[{"count":4,"href":"http:\/\/gesudere.at\/blog\/index.php?rest_route=\/wp\/v2\/posts\/5963\/revisions"}],"predecessor-version":[{"id":5968,"href":"http:\/\/gesudere.at\/blog\/index.php?rest_route=\/wp\/v2\/posts\/5963\/revisions\/5968"}],"wp:featuredmedia":[{"embeddable":true,"href":"http:\/\/gesudere.at\/blog\/index.php?rest_route=\/wp\/v2\/media\/5964"}],"wp:attachment":[{"href":"http:\/\/gesudere.at\/blog\/index.php?rest_route=%2Fwp%2Fv2%2Fmedia&parent=5963"}],"wp:term":[{"taxonomy":"category","embeddable":true,"href":"http:\/\/gesudere.at\/blog\/index.php?rest_route=%2Fwp%2Fv2%2Fcategories&post=5963"},{"taxonomy":"post_tag","embeddable":true,"href":"http:\/\/gesudere.at\/blog\/index.php?rest_route=%2Fwp%2Fv2%2Ftags&post=5963"}],"curies":[{"name":"wp","href":"https:\/\/api.w.org\/{rel}","templated":true}]}}