{"id":3310,"date":"2011-02-16T14:46:27","date_gmt":"2011-02-16T13:46:27","guid":{"rendered":"http:\/\/gesudere.at\/blog\/?p=3310"},"modified":"2014-12-18T18:24:48","modified_gmt":"2014-12-18T17:24:48","slug":"pro-bundesheer-demo-abgesagt-dass-wetter-passt-nicht","status":"publish","type":"post","link":"http:\/\/gesudere.at\/blog\/?p=3310","title":{"rendered":"&#8222;Pro Bundesheer-Demo&#8220; abgesagt. Dass Wetter passt nicht."},"content":{"rendered":"<p>Alle, die bereits eifrig an Transparenten f\u00fcr die angek\u00fcndigte Demo am 17. Februar 2011 gemalt haben, m\u00fcssen sich gedulden. Auch die auf Hochglanz polierten Ehrenzeichen der Kameradschaftsbund-Kameraden m\u00fcssen noch im Etui bleiben, die Fahnen und die Megaphone im Depot. Denn die noch ein wenig geheimnisumwitterte &#8222;Plattform pro Bundesheer&#8220; hat die angek\u00fcndigte Kundgebung auf dem Wiener Ballhausplatz vorerst abgesagt.<\/p>\n<p>[ad name=&#8220;Google Adsense&#8220;]<\/p>\n<p><!--more--><\/p>\n<div id=\"attachment_3323\" style=\"width: 610px\" class=\"wp-caption aligncenter\"><a rel=\"attachment wp-att-3323\" href=\"http:\/\/gesudere.at\/blog\/?attachment_id=3323\"><img loading=\"lazy\" decoding=\"async\" aria-describedby=\"caption-attachment-3323\" class=\"size-full wp-image-3323\" title=\"Polizei\" src=\"http:\/\/gesudere.at\/blog\/wp-content\/uploads\/2011\/02\/Polizei.jpg\" alt=\"\"   srcset=\"http:\/\/gesudere.at\/blog\/wp-content\/uploads\/2011\/02\/Polizei.jpg 600w, http:\/\/gesudere.at\/blog\/wp-content\/uploads\/2011\/02\/Polizei-300x202.jpg 300w\" sizes=\"auto, (max-width: 600px) 100vw, 600px\" \/><\/a><p id=\"caption-attachment-3323\" class=\"wp-caption-text\">Was im Juni 2002 den Wiener Polizisten gelungen ist, ist f\u00fcr die Wehrpflicht-Bef\u00fcrworter derzeit noch schwierig: Eine Demo mit tausenden Teilnehmern. \u00a9 Christian M. Kreuziger<\/p><\/div>\n<p>Mitglieder der Milizverb\u00e4nde und anderer heeresfreundlicher Vorfeldorganisationen haben sich schon gefreut. Endlich eine Demo, gegen die sie nicht wettern m\u00fcssen, sondern an der auch sie sich guten Gewissens beteiligen k\u00f6nnen. Leider wird nun nichts daraus. Denn die angek\u00fcndigte Kundgebung ist vorerst abgesagt, einen neuen Anlauf will man m\u00f6glicherweise im M\u00e4rz wagen.<\/p>\n<p><a href=\"http:\/\/www.peterfichtenbauer.at\/ueber-mich\/\" target=\"_blank\">Dr. Peter Fichtenbauer<\/a>, Wehrsprecher der FP\u00d6 und Proponent einer der \u00fcberparteilichen Plattformen &#8222;Pro Bundesheer&#8220;, die sich derzeit zu vernetzen beginnen, erkl\u00e4rt im Interview mit dem Suderer offen: &#8222;Zeit und Wetter sind zu ung\u00fcnstig, da k\u00f6nnen wir leider keine 10.000 Teilnehmer erwarten.&#8220;<\/p>\n<p>M\u00f6glicherweise liegt es jedoch nicht nur am Wetter. Denn auch die Gr\u00fcndung der Plattform d\u00fcrfte schwieriger sein, als sich dies der FP\u00d6-Wehrsprecher urspr\u00fcnglich erhofft haben d\u00fcrfte. &#8222;Wir sind zwar in horizontaler Ebene mit Vereinigungen im Gespr\u00e4ch, die man als NGO&#8217;s im milit\u00e4rischen Sinne bezeichnen k\u00f6nnte&#8220;, sagt Peter Fichtenbauer. &#8222;Allerdings bremsen sich manche selbst, weil ich als Gr\u00fcnder der Plattform FP\u00d6-Wehrsprecher bin und manche Angst davor haben, deshalb parteipolitisch punziert zu werden.&#8220;<\/p>\n<p>Da hat der Herr Doktor Peter Fichtenbauer sicher recht. Denn bei der <a href=\"http:\/\/gesudere.at\/blog\/?p=3220\" target=\"_blank\">Ank\u00fcndigung der Demo auf dem Gesudere<\/a> und auf facebook haben sich Kommentierende bereits gefreut, &#8222;das ganze rechte Eck&#8220; auf dem Ballhausplatz besichtigen zu k\u00f6nnen. Was zwar genauso wenig stimmen d\u00fcrfte wie die Meinung mancher selbsternannter &#8222;Kameraden&#8220;, die protestierende Studenten gerne als &#8222;rote Zecken, die lieber arbeiten oder studieren gehen sollen&#8220; bezeichnen. Aber Vorurteile wollen eben gepflegt sein.<\/p>\n<p>Schwieriger als gedacht d\u00fcrfte es auch sein, die n\u00f6tige Menge an Teilnehmern kurzfristig zu mobilisieren. Einerseits fehlen die Strukturen, andererseits mangelt es auch am n\u00f6tigen Kleingeld f\u00fcr die entsprechende mediale Begleitmusik. &#8222;Im Unterschied zu Herrn Darabos, der auf Knopfdruck Inserate in den gro\u00dfen Medien auf Staats- oder Parteikosten schalten kann, geht das bei einer zivilgesellschaftlichen Plattform nicht&#8220;, bedauert Fichtenbauer.<\/p>\n<p>Wo Rechtsanwalt Peter Fichtenbauer, der den Dienstgrad &#8222;Brigadier der Miliz&#8220; f\u00fchrt, dennoch einen \u00fcberparteilichen Ansatz ortet: In allen politischen Lagern gebe es eine gro\u00dfe Zahl an Bef\u00fcrwortern der allgemeinen Wehrpflicht. Dies sei sogar eine &#8222;schweigende Mehrheit&#8220;, der er mit seiner Plattform helfen will, zu einer &#8222;sprechenden Mehrheit&#8220; zu werden. In Zukunft, sobald die Finanzierung gesichert ist, auch mit Brosch\u00fcren, Inseraten und Konferenzen. Und vielleicht sogar mit einer Demo, m\u00f6glicherweise bereits im M\u00e4rz. &#8222;Die werden wir dann schon entsprechend ank\u00fcndigen&#8220;, verspricht Fichtenbauer.<\/p>\n<p>[ad name=&#8220;Google Adsense&#8220;]<\/p>\n<div><div style=\"padding-top:10px;margin-bottom:10px;font-size:10pt;font-family:arial;font-weight:bold;\">Did you like this? Share it:<\/div><div class=simplesocial><a href=\"http:\/\/twitter.com\/share\" data-url=\"http:\/\/gesudere.at\/blog\/?p=3310\" data-text=\"%26%238222%3BPro+Bundesheer-Demo%26%238220%3B+abgesagt.+Dass+Wetter+passt+nicht.\" class=\"twitter-share-button\" data-count=\"horizontal\">Tweet<\/a><script type=\"text\/javascript\" src=\"http:\/\/platform.twitter.com\/widgets.js\"><\/script><\/div><div class=simplesocial><iframe src=\"http:\/\/www.facebook.com\/plugins\/like.php?href=http%3A%2F%2Fgesudere.at%2Fblog%2F%3Fp%3D3310&layout=standard&show_faces=false&width=450&action=like&colorscheme=light&height=35\" scrolling=\"no\" frameborder=\"0\" style=\"border:none; overflow:hidden; width:450px; height:25px;\" allowTransparency=\"true\"><\/iframe><\/div><div style=\"clear:both\"><\/div><a class=simplesocial onclick=\"return simplesocial(this,500,400)\" title=\"Share on Facebook\" style=\"background:url(http:\/\/gesudere.at\/blog\/wp-content\/plugins\/simple-social-sharing-widgets-icons\/icons_32\/facebook.png)\" href=\"http:\/\/www.facebook.com\/share.php?u=http%3A%2F%2Fgesudere.at%2Fblog%2F%3Fp%3D3310&t=%26%238222%3BPro+Bundesheer-Demo%26%238220%3B+abgesagt.+Dass+Wetter+passt+nicht.\"><\/a><a class=simplesocial onclick=\"return simplesocial(this,812,420)\" title=\"Share on Twitter\" style=\"background:url(http:\/\/gesudere.at\/blog\/wp-content\/plugins\/simple-social-sharing-widgets-icons\/icons_32\/twitter.png)\" href=\"http:\/\/twitter.com\/home?status=http%3A%2F%2Fgesudere.at%2Fblog%2F%3Fp%3D3310\"><\/a><a class=simplesocial onclick=\"return simplesocial(this,435,500)\" title=\"Email a Friend\" style=\"background:url(http:\/\/gesudere.at\/blog\/wp-content\/plugins\/simple-social-sharing-widgets-icons\/icons_32\/email.png)\" href=\"http:\/\/www.freetellafriend.com\/tell\/?heading=Share+This+Article&bg=1&option=email&url=http%3A%2F%2Fgesudere.at%2Fblog%2F%3Fp%3D3310\"><\/a><a class=simplesocial onclick=\"return simplesocial(this,750,500)\" title=\"Share on Blogger\" style=\"background:url(http:\/\/gesudere.at\/blog\/wp-content\/plugins\/simple-social-sharing-widgets-icons\/icons_32\/blogger.png)\" href=\"http:\/\/www.blogger.com\/blog_this.pyra?t&u=http%3A%2F%2Fgesudere.at%2Fblog%2F%3Fp%3D3310&n=%26%238222%3BPro+Bundesheer-Demo%26%238220%3B+abgesagt.+Dass+Wetter+passt+nicht.&pli=1\"><\/a><a class=simplesocial onclick=\"return simplesocial(this,890,550)\" title=\"Share on Delicious\" style=\"background:url(http:\/\/gesudere.at\/blog\/wp-content\/plugins\/simple-social-sharing-widgets-icons\/icons_32\/delicious.png)\" href=\"http:\/\/del.icio.us\/post?url=http%3A%2F%2Fgesudere.at%2Fblog%2F%3Fp%3D3310&title=%26%238222%3BPro+Bundesheer-Demo%26%238220%3B+abgesagt.+Dass+Wetter+passt+nicht.\"><\/a><a class=simplesocial onclick=\"return simplesocial(this,812,420)\" title=\"Share on Digg\" style=\"background:url(http:\/\/gesudere.at\/blog\/wp-content\/plugins\/simple-social-sharing-widgets-icons\/icons_32\/digg.png)\" href=\"http:\/\/digg.com\/submit?url=http%3A%2F%2Fgesudere.at%2Fblog%2F%3Fp%3D3310&title=%26%238222%3BPro+Bundesheer-Demo%26%238220%3B+abgesagt.+Dass+Wetter+passt+nicht.\"><\/a><a class=simplesocial onclick=\"return simplesocial(this,750,500)\" title=\"Share on Google\" style=\"background:url(http:\/\/gesudere.at\/blog\/wp-content\/plugins\/simple-social-sharing-widgets-icons\/icons_32\/google.png)\" href=\"http:\/\/www.google.com\/bookmarks\/mark?op=add&bkmk=http%3A%2F%2Fgesudere.at%2Fblog%2F%3Fp%3D3310&title=%26%238222%3BPro+Bundesheer-Demo%26%238220%3B+abgesagt.+Dass+Wetter+passt+nicht.\"><\/a><a class=simplesocial onclick=\"return simplesocial(this,812,420)\" title=\"Share on Myspace\" style=\"background:url(http:\/\/gesudere.at\/blog\/wp-content\/plugins\/simple-social-sharing-widgets-icons\/icons_32\/myspace.png)\" href=\"http:\/\/www.myspace.com\/Modules\/PostTo\/Pages\/?u=http%3A%2F%2Fgesudere.at%2Fblog%2F%3Fp%3D3310&t=%26%238222%3BPro+Bundesheer-Demo%26%238220%3B+abgesagt.+Dass+Wetter+passt+nicht.&c=http%3A%2F%2Fgesudere.at%2Fblog%2F%3Fp%3D3310\"><\/a><a class=simplesocial onclick=\"return simplesocial(this,750,500)\" title=\"Share on StumbleUpon\" style=\"background:url(http:\/\/gesudere.at\/blog\/wp-content\/plugins\/simple-social-sharing-widgets-icons\/icons_32\/stumbleupon.png)\" href=\"http:\/\/www.stumbleupon.com\/submit?url=http%3A%2F%2Fgesudere.at%2Fblog%2F%3Fp%3D3310&title=%26%238222%3BPro+Bundesheer-Demo%26%238220%3B+abgesagt.+Dass+Wetter+passt+nicht.\"><\/a><a class=simplesocial onclick=\"return simplesocial(this,900,550)\" title=\"Share on Yahoo\" style=\"background:url(http:\/\/gesudere.at\/blog\/wp-content\/plugins\/simple-social-sharing-widgets-icons\/icons_32\/yahoo.png)\" href=\"http:\/\/buzz.yahoo.com\/buzz?targetUrl=http%3A%2F%2Fgesudere.at%2Fblog%2F%3Fp%3D3310&headline=%26%238222%3BPro+Bundesheer-Demo%26%238220%3B+abgesagt.+Dass+Wetter+passt+nicht.\"><\/a><a class=simplesocial onclick=\"return simplesocial(this,700,500)\" title=\"Share on Reddit\" style=\"background:url(http:\/\/gesudere.at\/blog\/wp-content\/plugins\/simple-social-sharing-widgets-icons\/icons_32\/reddit.png)\" href=\"http:\/\/reddit.com\/submit?url=http%3A%2F%2Fgesudere.at%2Fblog%2F%3Fp%3D3310&title=%26%238222%3BPro+Bundesheer-Demo%26%238220%3B+abgesagt.+Dass+Wetter+passt+nicht.\"><\/a><a class=simplesocial onclick=\"return simplesocial(this,812,500)\" title=\"Share on Technorati\" style=\"background:url(http:\/\/gesudere.at\/blog\/wp-content\/plugins\/simple-social-sharing-widgets-icons\/icons_32\/technorati.png)\" href=\"http:\/\/technorati.com\/faves?sub=favthis&add=http%3A%2F%2Fgesudere.at%2Fblog%2F%3Fp%3D3310\"><\/a><a class=simplesocial title=\"RSS Feed\" style=\"background:url(http:\/\/gesudere.at\/blog\/wp-content\/plugins\/simple-social-sharing-widgets-icons\/icons_32\/rss.png)\" href=\"http:\/\/gesudere.at\/blog\/?feed=rss2\"><\/a><\/div><div style=\"clear:both;margin-bottom:20px\"><\/div>","protected":false},"excerpt":{"rendered":"<p>Alle, die bereits eifrig an Transparenten f\u00fcr die angek\u00fcndigte Demo am 17. Februar 2011 gemalt haben, m\u00fcssen sich gedulden. Denn die noch ein wenig geheimnisumwitterte &#8222;Plattform pro Bundesheer&#8220; hat die angek\u00fcndigte Kundgebung auf dem Wiener Ballhausplatz vorerst abgesagt. <a href=\"http:\/\/gesudere.at\/blog\/?p=3310\">Weiterlesen <span class=\"meta-nav\">&rarr;<\/span><\/a><\/p>\n","protected":false},"author":5,"featured_media":0,"comment_status":"open","ping_status":"open","sticky":false,"template":"","format":"standard","meta":{"footnotes":""},"categories":[4,124,77],"tags":[267,204,78,856,383,415,80,125,381],"class_list":["post-3310","post","type-post","status-publish","format-standard","hentry","category-allgemeines","category-medien","category-politisches","tag-bundesheer","tag-facebook","tag-fpo","tag-medien","tag-norbert-darabos","tag-peter-fichtenbauer","tag-politik","tag-pressefoto","tag-wehrpflicht"],"psp_head":"<title>&quot;Pro Bundesheer-Demo&quot; abgesagt. Dass Wetter passt nicht.  Das ?bliche Gesudere<\/title>\r\n<meta name=\"description\" content=\"Alle, die bereits an Transparenten f\u00fcr die Demo am 17. Februar gemalt haben, m\u00fcssen sich gedulden. Denn die &quot;Plattform pro Bundesheer&quot; hat die Demo abgesagt.\" \/>\r\n<meta name=\"robots\" content=\"index,follow\" \/>","_links":{"self":[{"href":"http:\/\/gesudere.at\/blog\/index.php?rest_route=\/wp\/v2\/posts\/3310","targetHints":{"allow":["GET"]}}],"collection":[{"href":"http:\/\/gesudere.at\/blog\/index.php?rest_route=\/wp\/v2\/posts"}],"about":[{"href":"http:\/\/gesudere.at\/blog\/index.php?rest_route=\/wp\/v2\/types\/post"}],"author":[{"embeddable":true,"href":"http:\/\/gesudere.at\/blog\/index.php?rest_route=\/wp\/v2\/users\/5"}],"replies":[{"embeddable":true,"href":"http:\/\/gesudere.at\/blog\/index.php?rest_route=%2Fwp%2Fv2%2Fcomments&post=3310"}],"version-history":[{"count":35,"href":"http:\/\/gesudere.at\/blog\/index.php?rest_route=\/wp\/v2\/posts\/3310\/revisions"}],"predecessor-version":[{"id":5737,"href":"http:\/\/gesudere.at\/blog\/index.php?rest_route=\/wp\/v2\/posts\/3310\/revisions\/5737"}],"wp:attachment":[{"href":"http:\/\/gesudere.at\/blog\/index.php?rest_route=%2Fwp%2Fv2%2Fmedia&parent=3310"}],"wp:term":[{"taxonomy":"category","embeddable":true,"href":"http:\/\/gesudere.at\/blog\/index.php?rest_route=%2Fwp%2Fv2%2Fcategories&post=3310"},{"taxonomy":"post_tag","embeddable":true,"href":"http:\/\/gesudere.at\/blog\/index.php?rest_route=%2Fwp%2Fv2%2Ftags&post=3310"}],"curies":[{"name":"wp","href":"https:\/\/api.w.org\/{rel}","templated":true}]}}