{"id":1661,"date":"2010-03-14T11:06:46","date_gmt":"2010-03-14T10:06:46","guid":{"rendered":"http:\/\/gesudere.at\/blog\/?p=1661"},"modified":"2015-03-01T12:33:53","modified_gmt":"2015-03-01T11:33:53","slug":"peppi-mitzi-und-co-vom-leiden-der-kampfhundherrchen","status":"publish","type":"post","link":"http:\/\/gesudere.at\/blog\/?p=1661","title":{"rendered":"Peppi, Mitzi und Co.: Vom Leiden der Kampfhundherrchen"},"content":{"rendered":"<p>Im KURIER schreibt Kollegin <a href=\"http:\/\/kurier.at\/nachrichten\/wien\/1985905.php\" target=\"_blank\">Laila Daneshmandi<\/a> \u00fcber die Kampfherrchen von Schmusehunden. Ein Herr <a href=\"http:\/\/www.thomasmaurer.at\/\" target=\"_blank\">Thomas Maurer<\/a>, der seinen Killerhund verharmlosend &#8222;Mitzi&#8220; nennt, beklagt in diesem Artikel, dass er von Leuten mit hoher Affinit\u00e4t zur Funktion des Blockwarts angefahren wird. Ob er auch ein Sackerl f\u00fcrs Gackerl dabei haben und vor allem auch gebrauchen w\u00fcrde. Dabei verr\u00e4t der KURIER-Kolumnist, der auch kabarettistisch auf den B\u00fchnen unterwegs ist, im Interview: &#8222;Ich habe keine Jacke und keinen Mantel mehr, wo es nicht in den Taschen raschelt.&#8220;<\/p>\n<p>Herr Thomas Maurer ist selber schuld. Schlie\u00dflich hat sich ja einen Hund ausgesucht, der die Gem\u00fcter bewegt, weil er ein waschechter Kampf- und Killerhund ist, ein Bullterrier n\u00e4mlich. So echte Blockwart-Affine, die f\u00fcrchten sich vor &#8222;dem Engl\u00e4nder&#8220; allerdings nicht. Die w\u00fcrden, ganz traditionell, sicher erst dann schweigen, wenn Herr Maurer einen echten deutschen Sch\u00e4ferhund, wachsam und treu, sein eigen nennen w\u00fcrde. Den h\u00e4tte er &#8222;Wotan&#8220; nennen k\u00f6nnen, das w\u00e4re respekteinfl\u00f6\u00dfender als &#8222;Mitzi&#8220;, wie sein Schweinehunderl hei\u00dft, das nicht einmal sehr hoch ist. Wobei der letzte Respekt vor der Maurer-H\u00fcndin schwindet, wenn er sie mit vollem Namen ruft: <em>&#8222;Mitziiii!!!! &#8211; Geh weidaaa!!&#8220;<\/em><\/p>\n<div id=\"attachment_1667\" style=\"width: 310px\" class=\"wp-caption alignleft\"><a rel=\"attachment wp-att-1667\" href=\"http:\/\/gesudere.at\/blog\/?attachment_id=1667\"><img loading=\"lazy\" decoding=\"async\" aria-describedby=\"caption-attachment-1667\" class=\"size-medium wp-image-1667\" title=\"Tomanek\" src=\"http:\/\/gesudere.at\/blog\/wp-content\/uploads\/2010\/03\/Tomanek1-300x199.jpg\" alt=\"\"   srcset=\"http:\/\/gesudere.at\/blog\/wp-content\/uploads\/2010\/03\/Tomanek1-300x199.jpg 300w, http:\/\/gesudere.at\/blog\/wp-content\/uploads\/2010\/03\/Tomanek1.jpg 600w\" sizes=\"auto, (max-width: 300px) 100vw, 300px\" \/><\/a><p id=\"caption-attachment-1667\" class=\"wp-caption-text\">Typisch Pitbull: Hat sich Werner Tomanek wegen seiner hohen Schutz-und Verteidigungsbereitschaft als Herrl gew\u00e4hlt...<\/p><\/div>\n<p>Auch der Wiener Herr Rechtsanwalt Werner Tomanek hat einen f\u00fchrscheinpflichtigen Hund. Einen Pitbull. Der ist auch auf einem Foto in der KURIER-Zeitung zu sehen. Mit seinem Herrl.\u00a0Wobei man r\u00e4tseln darf, wer von den beiden selbstbewusster und gef\u00e4hrlicher in die Kamera schaut, aber das ist Ansichtssache. Ob der Herr Magister Tomanek und sein Hund auch schon von Blockwart-Affinen angesprochen wurde, geht aus dem Bericht leider nicht hervor. Wahrscheinlich nicht, denn Herr Werner Tomanek ist einerseits bekannt daf\u00fcr, dass er die Unterweltgr\u00f6\u00dfen, auch die ganz gef\u00e4hrlichen, vor Gericht vertritt, andererseits schaut er auch nicht so aus, als w\u00fcrde er ungestraft seinen Hund beschimpfen oder gar treten\u00a0lassen. Dieses Mensch-Hundepaar ist also das ideale Beispiel f\u00fcr &#8222;Hund sucht sich Herrl mit ad\u00e4quatem Schutz- und Verteidigungseigenschaften&#8220;.\u00a0Wobei der Herr Magister Tomanek nicht an die Qualit\u00e4ten eines Dackels heranreichen wird. Denn dieser selbstbewussten Jagdhunderasse schreibt er gar gef\u00e4hrliche und Angst einfl\u00f6\u00dfende Eigenschaften zu: <em>&#8222;Ein aggressiver Dackel kann einem auch den Finger abbei\u00dfen.&#8220;<\/em><\/p>\n<div id=\"attachment_1663\" style=\"width: 310px\" class=\"wp-caption alignleft\"><a rel=\"attachment wp-att-1663\" href=\"http:\/\/gesudere.at\/blog\/?attachment_id=1663\"><img loading=\"lazy\" decoding=\"async\" aria-describedby=\"caption-attachment-1663\" class=\"size-medium wp-image-1663 \" title=\"Lea_plus\" src=\"http:\/\/gesudere.at\/blog\/wp-content\/uploads\/2010\/03\/Lea_plus-300x200.jpg\" alt=\"\"   srcset=\"http:\/\/gesudere.at\/blog\/wp-content\/uploads\/2010\/03\/Lea_plus-300x200.jpg 300w, http:\/\/gesudere.at\/blog\/wp-content\/uploads\/2010\/03\/Lea_plus.jpg 600w\" sizes=\"auto, (max-width: 300px) 100vw, 300px\" \/><\/a><p id=\"caption-attachment-1663\" class=\"wp-caption-text\">Herr Klaus sollte sich einen Yorkshire Terrier (links unten) zulegen, der seinen R\u00fcden besch\u00fctzt<\/p><\/div>\n<p>Wenig Mitleid sollte man auch mit einem Herrn Klaus haben, der einen Mischling spazieren f\u00fchrt. Mit Bei\u00dfkorb offenbar. Dass dieser Hund schon potentielle R\u00e4uber vertrieben haben soll, ist nicht einfach zu glauben. Denn der Hund wurde von Hundegegnern nicht nur\u00a0beschimpft, sondern sogar schon getreten. Diesem Herrn Klaus ist daher dringend anzuraten, sich einen zweiten Hund zuzulegen, der seine m\u00e4nnliche Spezialanfertigung zu besch\u00fctzen imstande ist. Frau Renate R., bekannt durch ihre deutsche Dogge Lea, wird ihm wahrscheinlich zu einem Yorkshire Terrier raten. Denn mit dieser beherzten Rasse macht Frau Renate R. regelm\u00e4\u00dfig gute Erfahrungen, wenn es darum geht, ihre Dogge Lea zu besch\u00fctzen.<\/p>\n<p>[ad name=&#8220;Google Adsense&#8220;]<\/p>\n<div class=\"box base-mini\">\n<div class=\"head\">\n<h4 class=\"title\">Artikel auf facebook teilen<\/h4>\n<\/div>\n<div class=\"content\"><a name=\"fb_share\"><\/a><script src=\"http:\/\/static.ak.fbcdn.net\/connect.php\/js\/FB.Share\" type=\"text\/javascript\"><\/script> <script type=\"text\/javascript\">\/\/ < ![CDATA[\n\/\/ < ![CDATA[\n\/\/ < ![CDATA[\n\/\/ < ![CDATA[\ntweetmeme_style = 'compact'; tweetmeme_source = 'eurertwittername';\n\/\/ ]]><\/script><script src=\"http:\/\/tweetmeme.com\/i\/scripts\/button.js\" type=\"text\/javascript\"><\/script><\/div>\n<\/div>\n<div><div style=\"padding-top:10px;margin-bottom:10px;font-size:10pt;font-family:arial;font-weight:bold;\">Did you like this? Share it:<\/div><div class=simplesocial><a href=\"http:\/\/twitter.com\/share\" data-url=\"http:\/\/gesudere.at\/blog\/?p=1661\" data-text=\"Peppi%2C+Mitzi+und+Co.%3A+Vom+Leiden+der+Kampfhundherrchen\" class=\"twitter-share-button\" data-count=\"horizontal\">Tweet<\/a><script type=\"text\/javascript\" src=\"http:\/\/platform.twitter.com\/widgets.js\"><\/script><\/div><div class=simplesocial><iframe src=\"http:\/\/www.facebook.com\/plugins\/like.php?href=http%3A%2F%2Fgesudere.at%2Fblog%2F%3Fp%3D1661&layout=standard&show_faces=false&width=450&action=like&colorscheme=light&height=35\" scrolling=\"no\" frameborder=\"0\" style=\"border:none; overflow:hidden; width:450px; height:25px;\" allowTransparency=\"true\"><\/iframe><\/div><div style=\"clear:both\"><\/div><a class=simplesocial onclick=\"return simplesocial(this,500,400)\" title=\"Share on Facebook\" style=\"background:url(http:\/\/gesudere.at\/blog\/wp-content\/plugins\/simple-social-sharing-widgets-icons\/icons_32\/facebook.png)\" href=\"http:\/\/www.facebook.com\/share.php?u=http%3A%2F%2Fgesudere.at%2Fblog%2F%3Fp%3D1661&t=Peppi%2C+Mitzi+und+Co.%3A+Vom+Leiden+der+Kampfhundherrchen\"><\/a><a class=simplesocial onclick=\"return simplesocial(this,812,420)\" title=\"Share on Twitter\" style=\"background:url(http:\/\/gesudere.at\/blog\/wp-content\/plugins\/simple-social-sharing-widgets-icons\/icons_32\/twitter.png)\" href=\"http:\/\/twitter.com\/home?status=http%3A%2F%2Fgesudere.at%2Fblog%2F%3Fp%3D1661\"><\/a><a class=simplesocial onclick=\"return simplesocial(this,435,500)\" title=\"Email a Friend\" style=\"background:url(http:\/\/gesudere.at\/blog\/wp-content\/plugins\/simple-social-sharing-widgets-icons\/icons_32\/email.png)\" href=\"http:\/\/www.freetellafriend.com\/tell\/?heading=Share+This+Article&bg=1&option=email&url=http%3A%2F%2Fgesudere.at%2Fblog%2F%3Fp%3D1661\"><\/a><a class=simplesocial onclick=\"return simplesocial(this,750,500)\" title=\"Share on Blogger\" style=\"background:url(http:\/\/gesudere.at\/blog\/wp-content\/plugins\/simple-social-sharing-widgets-icons\/icons_32\/blogger.png)\" href=\"http:\/\/www.blogger.com\/blog_this.pyra?t&u=http%3A%2F%2Fgesudere.at%2Fblog%2F%3Fp%3D1661&n=Peppi%2C+Mitzi+und+Co.%3A+Vom+Leiden+der+Kampfhundherrchen&pli=1\"><\/a><a class=simplesocial onclick=\"return simplesocial(this,890,550)\" title=\"Share on Delicious\" style=\"background:url(http:\/\/gesudere.at\/blog\/wp-content\/plugins\/simple-social-sharing-widgets-icons\/icons_32\/delicious.png)\" href=\"http:\/\/del.icio.us\/post?url=http%3A%2F%2Fgesudere.at%2Fblog%2F%3Fp%3D1661&title=Peppi%2C+Mitzi+und+Co.%3A+Vom+Leiden+der+Kampfhundherrchen\"><\/a><a class=simplesocial onclick=\"return simplesocial(this,812,420)\" title=\"Share on Digg\" style=\"background:url(http:\/\/gesudere.at\/blog\/wp-content\/plugins\/simple-social-sharing-widgets-icons\/icons_32\/digg.png)\" href=\"http:\/\/digg.com\/submit?url=http%3A%2F%2Fgesudere.at%2Fblog%2F%3Fp%3D1661&title=Peppi%2C+Mitzi+und+Co.%3A+Vom+Leiden+der+Kampfhundherrchen\"><\/a><a class=simplesocial onclick=\"return simplesocial(this,750,500)\" title=\"Share on Google\" style=\"background:url(http:\/\/gesudere.at\/blog\/wp-content\/plugins\/simple-social-sharing-widgets-icons\/icons_32\/google.png)\" href=\"http:\/\/www.google.com\/bookmarks\/mark?op=add&bkmk=http%3A%2F%2Fgesudere.at%2Fblog%2F%3Fp%3D1661&title=Peppi%2C+Mitzi+und+Co.%3A+Vom+Leiden+der+Kampfhundherrchen\"><\/a><a class=simplesocial onclick=\"return simplesocial(this,812,420)\" title=\"Share on Myspace\" style=\"background:url(http:\/\/gesudere.at\/blog\/wp-content\/plugins\/simple-social-sharing-widgets-icons\/icons_32\/myspace.png)\" href=\"http:\/\/www.myspace.com\/Modules\/PostTo\/Pages\/?u=http%3A%2F%2Fgesudere.at%2Fblog%2F%3Fp%3D1661&t=Peppi%2C+Mitzi+und+Co.%3A+Vom+Leiden+der+Kampfhundherrchen&c=http%3A%2F%2Fgesudere.at%2Fblog%2F%3Fp%3D1661\"><\/a><a class=simplesocial onclick=\"return simplesocial(this,750,500)\" title=\"Share on StumbleUpon\" style=\"background:url(http:\/\/gesudere.at\/blog\/wp-content\/plugins\/simple-social-sharing-widgets-icons\/icons_32\/stumbleupon.png)\" href=\"http:\/\/www.stumbleupon.com\/submit?url=http%3A%2F%2Fgesudere.at%2Fblog%2F%3Fp%3D1661&title=Peppi%2C+Mitzi+und+Co.%3A+Vom+Leiden+der+Kampfhundherrchen\"><\/a><a class=simplesocial onclick=\"return simplesocial(this,900,550)\" title=\"Share on Yahoo\" style=\"background:url(http:\/\/gesudere.at\/blog\/wp-content\/plugins\/simple-social-sharing-widgets-icons\/icons_32\/yahoo.png)\" href=\"http:\/\/buzz.yahoo.com\/buzz?targetUrl=http%3A%2F%2Fgesudere.at%2Fblog%2F%3Fp%3D1661&headline=Peppi%2C+Mitzi+und+Co.%3A+Vom+Leiden+der+Kampfhundherrchen\"><\/a><a class=simplesocial onclick=\"return simplesocial(this,700,500)\" title=\"Share on Reddit\" style=\"background:url(http:\/\/gesudere.at\/blog\/wp-content\/plugins\/simple-social-sharing-widgets-icons\/icons_32\/reddit.png)\" href=\"http:\/\/reddit.com\/submit?url=http%3A%2F%2Fgesudere.at%2Fblog%2F%3Fp%3D1661&title=Peppi%2C+Mitzi+und+Co.%3A+Vom+Leiden+der+Kampfhundherrchen\"><\/a><a class=simplesocial onclick=\"return simplesocial(this,812,500)\" title=\"Share on Technorati\" style=\"background:url(http:\/\/gesudere.at\/blog\/wp-content\/plugins\/simple-social-sharing-widgets-icons\/icons_32\/technorati.png)\" href=\"http:\/\/technorati.com\/faves?sub=favthis&add=http%3A%2F%2Fgesudere.at%2Fblog%2F%3Fp%3D1661\"><\/a><a class=simplesocial title=\"RSS Feed\" style=\"background:url(http:\/\/gesudere.at\/blog\/wp-content\/plugins\/simple-social-sharing-widgets-icons\/icons_32\/rss.png)\" href=\"http:\/\/gesudere.at\/blog\/?feed=rss2\"><\/a><\/div><div style=\"clear:both;margin-bottom:20px\"><\/div>","protected":false},"excerpt":{"rendered":"<p>Im KURIER schreibt Kollegin Laila Daneshmandi \u00fcber die Kampfherrchen von Schmusehunden. Ein Herr Thomas Maurer, der seinen Killerhund verharmlosend &#8222;Mitzi&#8220; nennt, beklagt in diesem Artikel, dass er von Leuten mit hoher Affinit\u00e4t zur Funktion des Blockwarts angefahren wird. Ob er &hellip; <a href=\"http:\/\/gesudere.at\/blog\/?p=1661\">Weiterlesen <span class=\"meta-nav\">&rarr;<\/span><\/a><\/p>\n","protected":false},"author":1,"featured_media":0,"comment_status":"open","ping_status":"open","sticky":false,"template":"","format":"standard","meta":{"footnotes":""},"categories":[4,124,108,6,17,66],"tags":[26,123,43,12,24,14,25,28,72,171,9,122,37],"class_list":["post-1661","post","type-post","status-publish","format-standard","hentry","category-allgemeines","category-medien","category-menschen","category-ratselhaftes","category-satire","category-tiere","tag-angst","tag-deutsche-dogge","tag-gesetz","tag-hund","tag-hunde","tag-hundezone","tag-kampfhunde","tag-killerhunde","tag-thomas-maurer","tag-werner-tomanek","tag-wien","tag-yorkshire-terrier","tag-zwangsbegluckung"],"psp_head":"<title>Peppi, Mitzi und Co.: Vom Leiden der Kampfhundherrchen  Das ?bliche Gesudere<\/title>\r\n\r\n<meta name=\"robots\" content=\"index,follow\" \/>","_links":{"self":[{"href":"http:\/\/gesudere.at\/blog\/index.php?rest_route=\/wp\/v2\/posts\/1661","targetHints":{"allow":["GET"]}}],"collection":[{"href":"http:\/\/gesudere.at\/blog\/index.php?rest_route=\/wp\/v2\/posts"}],"about":[{"href":"http:\/\/gesudere.at\/blog\/index.php?rest_route=\/wp\/v2\/types\/post"}],"author":[{"embeddable":true,"href":"http:\/\/gesudere.at\/blog\/index.php?rest_route=\/wp\/v2\/users\/1"}],"replies":[{"embeddable":true,"href":"http:\/\/gesudere.at\/blog\/index.php?rest_route=%2Fwp%2Fv2%2Fcomments&post=1661"}],"version-history":[{"count":31,"href":"http:\/\/gesudere.at\/blog\/index.php?rest_route=\/wp\/v2\/posts\/1661\/revisions"}],"predecessor-version":[{"id":5860,"href":"http:\/\/gesudere.at\/blog\/index.php?rest_route=\/wp\/v2\/posts\/1661\/revisions\/5860"}],"wp:attachment":[{"href":"http:\/\/gesudere.at\/blog\/index.php?rest_route=%2Fwp%2Fv2%2Fmedia&parent=1661"}],"wp:term":[{"taxonomy":"category","embeddable":true,"href":"http:\/\/gesudere.at\/blog\/index.php?rest_route=%2Fwp%2Fv2%2Fcategories&post=1661"},{"taxonomy":"post_tag","embeddable":true,"href":"http:\/\/gesudere.at\/blog\/index.php?rest_route=%2Fwp%2Fv2%2Ftags&post=1661"}],"curies":[{"name":"wp","href":"https:\/\/api.w.org\/{rel}","templated":true}]}}